{"id":4455,"date":"2024-01-18T13:48:38","date_gmt":"2024-01-18T18:48:38","guid":{"rendered":"https:\/\/mhngatineau.com\/?p=4455"},"modified":"2025-02-07T09:43:03","modified_gmt":"2025-02-07T14:43:03","slug":"journee-noirs-si-sons","status":"publish","type":"post","link":"https:\/\/mhngatineau.com\/?p=4455","title":{"rendered":"Qu&#8217;est ce que la discrimination ?"},"content":{"rendered":"\t\t<div data-elementor-type=\"wp-post\" data-elementor-id=\"4455\" class=\"elementor elementor-4455\" data-elementor-post-type=\"post\">\n\t\t\t\t\t\t<section class=\"elementor-section elementor-top-section elementor-element elementor-element-65bb322d elementor-section-boxed elementor-section-height-default elementor-section-height-default\" data-id=\"65bb322d\" data-element_type=\"section\" data-e-type=\"section\">\n\t\t\t\t\t\t<div class=\"elementor-container elementor-column-gap-default\">\n\t\t\t\t\t<div class=\"elementor-column elementor-col-100 elementor-top-column elementor-element elementor-element-7caea5ab\" data-id=\"7caea5ab\" data-element_type=\"column\" data-e-type=\"column\">\n\t\t\t<div class=\"elementor-widget-wrap elementor-element-populated\">\n\t\t\t\t\t\t<div class=\"elementor-element elementor-element-4f3686d0 elementor-widget elementor-widget-text-editor\" data-id=\"4f3686d0\" data-element_type=\"widget\" data-e-type=\"widget\" data-widget_type=\"text-editor.default\">\n\t\t\t\t<div class=\"elementor-widget-container\">\n\t\t\t\t\t\t\t\t\t<p class=\"p1\"><span style=\"color: #333333;\"><span style=\"font-family: Arial , sans-serif;\">L\u2019AFIO en collaboration avec le\u00a0<strong><a href=\"https:\/\/www.facebook.com\/policegatineau?__cft__%5b0%5d=AZUfSuWL25ZgXC1moi1vG81w7IJWxJC7eQ6kV6T0fzNoJY7ROSJJMAyOelAix8CUoA84_3kDaMpBYqLOaq1EffWy5MYIKaXhgm_7JKBa9Y7Ebnfhfl7la_d30_byBXWhPKl4NsERcYCTr8oRzG5b88s3XwU6XnCd63jwbVkL6IgkCB0UhqmGMyX3ix2ZdpUqtVY&amp;__tn__=-%5dK*F\">Service de police de la Ville de Gatineau<\/a><\/strong>\u00a0organise un caf\u00e9 rencontre sous la th\u00e9matique de la discrimination.<\/span><\/span><\/p><p><span style=\"font-family: Arial , sans-serif;\">Cet \u00e9v\u00e8nement est pour vous, si vous pensez avoir \u00e9t\u00e9 victimes de discrimination ou que vous souhaitez tout simplement en apprendre plus.<br \/><\/span><br \/><span style=\"font-family: Arial , sans-serif;\">Voici quelques sujets abord\u00e9s\u00a0: la libert\u00e9 d\u2019expression, les discours de haine en tant qu&#8217;immigrant, le travail policier, le processus de plainte et la consultation citoyenne.<br \/><br \/><span style=\"color: #333333;\">Animatrice : S\u00e9l\u00e8n\u00e8 Robin, \u00c9tudiante en d\u00e9veloppement international et mondialisation avec une mineure en droit \u00e0 l&#8217;Universit\u00e9 d&#8217;Ottawa,<br \/><br \/><strong>Date :<\/strong> Jeudi 13 f\u00e9vrier 2025<br \/><br \/><strong>Heure :<\/strong> 17h30 \u00e0 20h00<\/span><br \/><\/span><\/p><p class=\"p1\"><span style=\"color: #333333;\"><b>Lieu : <\/b>Salle 105, Centre Jules Desbiens, 109 rue Wright<\/span><\/p><p class=\"p1\"><span style=\"color: #333333;\"><strong>De la pizza sera offerte sur place, et une halte-garderie sera disponible pour les parents.<\/strong><br \/><br \/>Ce partenariat avec le Service de police de la Ville de Gatineau vise \u00e0 cr\u00e9er un espace d&#8217;\u00e9change inclusif o\u00f9 vous pourrez mieux comprendre leur r\u00f4le et poser vos questions dans un cadre respectueux et constructif.<br \/><br \/>Inscrivez-vous d\u00e8s maintenant : <a href=\"https:\/\/forms.gle\/GnoVLUEgS1ViKTwj9?fbclid=IwZXh0bgNhZW0CMTAAAR0fkfve0ohAWDMKiXHRCzEFBgJ21PvubqnVu6kKvxgAH8Te0Bd9hNi7-OY_aem_GB9UZ7XIdmjB7SfZYMvvlA\"><b>forms.gle\/GnoVLUEgS1ViKTwj9<\/b><\/a><br \/><br \/>Pour toute information, contactez-nous \u00e0 :\u00a0<a href=\"mailto:veronica.arzola@afio.ca\">veronica.arzola@afio.ca<\/a><br \/><\/span><\/p>\t\t\t\t\t\t\t\t<\/div>\n\t\t\t\t<\/div>\n\t\t\t\t\t<\/div>\n\t\t<\/div>\n\t\t\t\t\t<\/div>\n\t\t<\/section>\n\t\t\t\t<section class=\"elementor-section elementor-top-section elementor-element elementor-element-4cb73a6 elementor-section-boxed elementor-section-height-default elementor-section-height-default\" data-id=\"4cb73a6\" data-element_type=\"section\" data-e-type=\"section\">\n\t\t\t\t\t\t<div class=\"elementor-container elementor-column-gap-default\">\n\t\t\t\t\t<div class=\"elementor-column elementor-col-100 elementor-top-column elementor-element elementor-element-49a2617\" data-id=\"49a2617\" data-element_type=\"column\" data-e-type=\"column\">\n\t\t\t<div class=\"elementor-widget-wrap elementor-element-populated\">\n\t\t\t\t\t\t<div class=\"elementor-element elementor-element-189c440 elementor-widget elementor-widget-google_maps\" data-id=\"189c440\" data-element_type=\"widget\" data-e-type=\"widget\" data-widget_type=\"google_maps.default\">\n\t\t\t\t<div class=\"elementor-widget-container\">\n\t\t\t\t\t\t\t<div class=\"elementor-custom-embed\">\n\t\t\t<iframe loading=\"lazy\"\n\t\t\t\t\tsrc=\"https:\/\/maps.google.com\/maps?q=Centre%20Jules%20Desbiens%2C%20109%20rue%20Wright&#038;t=m&#038;z=10&#038;output=embed&#038;iwloc=near\"\n\t\t\t\t\ttitle=\"Centre Jules Desbiens, 109 rue Wright\"\n\t\t\t\t\taria-label=\"Centre Jules Desbiens, 109 rue Wright\"\n\t\t\t><\/iframe>\n\t\t<\/div>\n\t\t\t\t\t\t<\/div>\n\t\t\t\t<\/div>\n\t\t\t\t\t<\/div>\n\t\t<\/div>\n\t\t\t\t\t<\/div>\n\t\t<\/section>\n\t\t\t\t<\/div>\n\t\t","protected":false},"excerpt":{"rendered":"<p>L\u2019AFIO en collaboration avec le\u00a0Service de police de la Ville de Gatineau\u00a0organise un caf\u00e9 rencontre sous la th\u00e9matique de la discrimination. Cet \u00e9v\u00e8nement est pour vous, si vous pensez avoir \u00e9t\u00e9 victimes de discrimination ou que vous souhaitez tout simplement en apprendre plus. Voici quelques sujets abord\u00e9s\u00a0: la libert\u00e9 d\u2019expression, les discours de haine en [&hellip;]<\/p>\n","protected":false},"author":2,"featured_media":5330,"comment_status":"open","ping_status":"open","sticky":false,"template":"","format":"standard","meta":{"_acf_changed":false,"_jetpack_memberships_contains_paid_content":false,"footnotes":""},"categories":[4],"tags":[],"class_list":["post-4455","post","type-post","status-publish","format-standard","has-post-thumbnail","hentry","category-events","post-thumb"],"acf":[],"jetpack_featured_media_url":"https:\/\/mhngatineau.com\/wp-content\/uploads\/2024\/01\/475317798_626542446584596_6294746526374967914_n.jpg","jetpack_sharing_enabled":true,"_links":{"self":[{"href":"https:\/\/mhngatineau.com\/index.php?rest_route=\/wp\/v2\/posts\/4455","targetHints":{"allow":["GET"]}}],"collection":[{"href":"https:\/\/mhngatineau.com\/index.php?rest_route=\/wp\/v2\/posts"}],"about":[{"href":"https:\/\/mhngatineau.com\/index.php?rest_route=\/wp\/v2\/types\/post"}],"author":[{"embeddable":true,"href":"https:\/\/mhngatineau.com\/index.php?rest_route=\/wp\/v2\/users\/2"}],"replies":[{"embeddable":true,"href":"https:\/\/mhngatineau.com\/index.php?rest_route=%2Fwp%2Fv2%2Fcomments&post=4455"}],"version-history":[{"count":14,"href":"https:\/\/mhngatineau.com\/index.php?rest_route=\/wp\/v2\/posts\/4455\/revisions"}],"predecessor-version":[{"id":5335,"href":"https:\/\/mhngatineau.com\/index.php?rest_route=\/wp\/v2\/posts\/4455\/revisions\/5335"}],"wp:featuredmedia":[{"embeddable":true,"href":"https:\/\/mhngatineau.com\/index.php?rest_route=\/wp\/v2\/media\/5330"}],"wp:attachment":[{"href":"https:\/\/mhngatineau.com\/index.php?rest_route=%2Fwp%2Fv2%2Fmedia&parent=4455"}],"wp:term":[{"taxonomy":"category","embeddable":true,"href":"https:\/\/mhngatineau.com\/index.php?rest_route=%2Fwp%2Fv2%2Fcategories&post=4455"},{"taxonomy":"post_tag","embeddable":true,"href":"https:\/\/mhngatineau.com\/index.php?rest_route=%2Fwp%2Fv2%2Ftags&post=4455"}],"curies":[{"name":"wp","href":"https:\/\/api.w.org\/{rel}","templated":true}]}}